{"id":1856,"date":"2022-06-02T16:34:45","date_gmt":"2022-06-02T16:34:45","guid":{"rendered":"https:\/\/investinlatam.org\/?p=1856"},"modified":"2022-06-02T21:30:25","modified_gmt":"2022-06-02T21:30:25","slug":"latam-mobility-and-latam-green-will-promote-mobility-and-sustainability-in-colombia","status":"publish","type":"post","link":"https:\/\/investinlatam.org\/en\/latam-mobility-and-latam-green-will-promote-mobility-and-sustainability-in-colombia\/","title":{"rendered":"Latam Mobility and Latam Green will Promote Mobility and Sustainability in Colombia"},"content":{"rendered":"\n<p><strong>Invest in Latam<\/strong>, a leading organization in the promotion of key initiatives for the transformation of Latin America, is pleased to invite you to the meeting &#8220;<strong>Latam Mobility: Colombia<\/strong>&#8220;, which will bring together the main protagonists of the present and future of the region.<\/p>\n\n\n\n<p>The meeting, which will be held <strong>on June 8 and 9 at the Orquideorama of the Botanical Garden of Medellin<\/strong>, will be attended by the top representatives of the public and private sector in Latin America.<\/p>\n\n\n\n<p>More than 400 people will learn first-hand about the present and future of a wide range of topics related to mobility and sustainability, which will be vital for Latin America in meeting the <strong>Sustainable Development Goals<\/strong> (SDGs) of the United Nations embodied in the 2015 Paris Agreement.<\/p>\n\n\n\n<p>The opening remarks of &#8220;<strong>Latam Mobility: Colombia<\/strong>&#8221; will be given by the Minister of Transportation of Colombia, <strong>\u00c1ngela Mar\u00eda Orozco G\u00f3mez<\/strong>, who after her tenure in the entity has promoted the operational structure in charge of sustainable transport in her country.<\/p>\n\n\n\n<figure class=\"wp-block-image size-large\"><img fetchpriority=\"high\" decoding=\"async\" width=\"1024\" height=\"400\" src=\"https:\/\/investinlatam.org\/wp-content\/uploads\/2022\/06\/Summit-010622-a-1024x400.jpg\" alt=\"Summit\" class=\"wp-image-1868\" srcset=\"https:\/\/investinlatam.org\/wp-content\/uploads\/2022\/06\/Summit-010622-a-1024x400.jpg 1024w, https:\/\/investinlatam.org\/wp-content\/uploads\/2022\/06\/Summit-010622-a-300x117.jpg 300w, https:\/\/investinlatam.org\/wp-content\/uploads\/2022\/06\/Summit-010622-a-768x300.jpg 768w, https:\/\/investinlatam.org\/wp-content\/uploads\/2022\/06\/Summit-010622-a.jpg 1375w\" sizes=\"(max-width: 1024px) 100vw, 1024px\" \/><\/figure>\n\n\n\n<h2 class=\"wp-block-heading\">Sustainable mobility as the transition backbone<\/h2>\n\n\n\n<p>The first part of the day on June 8 will feature the participation of important public sector actors from Colombia and Ecuador, who will discuss the progress made in territorial planning linked to sustainable transportation through the panel &#8220;<strong>The revolution of sustainable mobility in Colombian cities<\/strong>.&#8221;<\/p>\n\n\n\n<p>In addition, a group of representatives of important companies such as <strong>Jaguar<\/strong>, <strong>General Motors<\/strong>, <strong>Volvo<\/strong>, <strong>Porsche <\/strong>and <strong>Renault <\/strong>will participate in the panel &#8220;<strong>The Transition of the Colombian Automotive Sector Towards Electric Vehicles<\/strong>&#8220;, and will show the present and future of public and private transportation in the country.<\/p>\n\n\n\n<p>Next, attendees will have the opportunity to learn about the progress made in one of the key points for the promotion of electric mobility, through the panel &#8220;<strong>Strategies for the Implementation of Charging Infrastructure in Latin America<\/strong>&#8220;, with the participation of the companies <strong>Blink Charging<\/strong>, <strong>Siemens<\/strong>, <strong>Enel X Way Latin America<\/strong>, <strong>Vehya <\/strong>and <strong>Power Electronics<\/strong>.<\/p>\n\n\n\n<p>To close the first part of the day, companies linked to fleet management and solutions, such as <strong>Autocab<\/strong>, <strong>ABInBev<\/strong>, <strong>Geotab <\/strong>and <strong>Renting Colombia<\/strong>, will be present to provide updates on this important and innovative sector, which has been boosted after the COVID-19 pandemic.<\/p>\n\n\n\n<figure class=\"wp-block-image size-large\"><img decoding=\"async\" width=\"1024\" height=\"316\" src=\"https:\/\/investinlatam.org\/wp-content\/uploads\/2022\/06\/Summit-010622-d-1-1024x316.jpeg\" alt=\"Summit \" class=\"wp-image-1879\" srcset=\"https:\/\/investinlatam.org\/wp-content\/uploads\/2022\/06\/Summit-010622-d-1-1024x316.jpeg 1024w, https:\/\/investinlatam.org\/wp-content\/uploads\/2022\/06\/Summit-010622-d-1-300x93.jpeg 300w, https:\/\/investinlatam.org\/wp-content\/uploads\/2022\/06\/Summit-010622-d-1-768x237.jpeg 768w, https:\/\/investinlatam.org\/wp-content\/uploads\/2022\/06\/Summit-010622-d-1.jpeg 1200w\" sizes=\"(max-width: 1024px) 100vw, 1024px\" \/><\/figure>\n\n\n\n<h2 class=\"wp-block-heading\">Decarbonization, finance and infrastructure<\/h2>\n\n\n\n<p>The second part of the first day will begin with the panel &#8220;<strong>Decarbonization of Public Transport and Bus Fleets in Colombia<\/strong>&#8220;, where the progress, challenges and projections of transport in the country and the region will be discussed. It will be attended by related companies, such as <strong>Transmilenio<\/strong>, <strong>Metro de Medellin<\/strong>, <strong>Transdev<\/strong>, <strong>BYD Colombia<\/strong>, <strong>Enel X<\/strong> and <strong>Hitachi<\/strong>.<\/p>\n\n\n\n<p>Advances in mobility must have a series of vital factors for its implementation and growth, so the panel &#8220;<strong>Financial, Insurance and Infrastructure Management Sectors as Allies of Sustainable Mobility<\/strong>&#8221; will show the path that must be traced for the fulfillment of the goals. Representatives from <strong>General Motors<\/strong>,<strong> VG Mobility<\/strong> and the <strong>British Embassy in Colombia<\/strong> will shed light on the interaction between the different sectors involved.<\/p>\n\n\n\n<figure class=\"wp-block-image size-full\"><img decoding=\"async\" width=\"949\" height=\"452\" src=\"https:\/\/investinlatam.org\/wp-content\/uploads\/2022\/06\/Summit-010622-c.jpg\" alt=\"Summit\" class=\"wp-image-1870\" srcset=\"https:\/\/investinlatam.org\/wp-content\/uploads\/2022\/06\/Summit-010622-c.jpg 949w, https:\/\/investinlatam.org\/wp-content\/uploads\/2022\/06\/Summit-010622-c-300x143.jpg 300w, https:\/\/investinlatam.org\/wp-content\/uploads\/2022\/06\/Summit-010622-c-768x366.jpg 768w\" sizes=\"(max-width: 949px) 100vw, 949px\" \/><\/figure>\n\n\n\n<h2 class=\"wp-block-heading\">Fuels, applications and micromobility<\/h2>\n\n\n\n<p>The second day of the Summit, <strong>scheduled for June 9<\/strong>, will open with two essential topics for the promotion of zero-emission mobility in Latin America.<\/p>\n\n\n\n<p>The panels &#8220;<strong>Sustainable Mobility: The Great Opportunity for Energy Companies<\/strong>&#8221; and &#8220;<strong>Clean Fuels (Natural Gas, Hydrogen, Biofuels), the allies to reduce emissions in the transport sector<\/strong>&#8220;, will have the participation of <strong>Celsia Energ\u00eda<\/strong>, <strong>Enel X Latin America<\/strong>, <strong>ICE<\/strong>, <strong>EPM,<\/strong> <strong>Naturgas,<\/strong> <strong>Ecopetrol<\/strong>, <strong>Fedebiocombustibles <\/strong>and <strong>Alianza GNV<\/strong>.<\/p>\n\n\n\n<p>Representatives from <strong>Google Waze<\/strong>, <strong>Metro de Medellin<\/strong>, <strong>Appimotion<\/strong>, <strong>Ridery <\/strong>and <strong>Autocab<\/strong> will discuss the link between technology and the transportation sector with the panel: &#8220;<strong>Innovative Apps for the Urban Mobility of the Future<\/strong>&#8220;. While <strong>FIM Latin America<\/strong>, the <strong>District Mobility Secretariat of Bogota<\/strong>, <strong>Tembici <\/strong>and <strong>Niu<\/strong> will share their initiatives in the space &#8220;<strong>Clean and Safe Micromobility: E-Scooters, Scooters, Electric Bikes and Air Mobility<\/strong>&#8220;.<\/p>\n\n\n\n<figure class=\"wp-block-image size-full\"><img loading=\"lazy\" decoding=\"async\" width=\"900\" height=\"327\" src=\"https:\/\/investinlatam.org\/wp-content\/uploads\/2022\/06\/Summit-010622-b-1.jpg\" alt=\"Summit\" class=\"wp-image-1884\" srcset=\"https:\/\/investinlatam.org\/wp-content\/uploads\/2022\/06\/Summit-010622-b-1.jpg 900w, https:\/\/investinlatam.org\/wp-content\/uploads\/2022\/06\/Summit-010622-b-1-300x109.jpg 300w, https:\/\/investinlatam.org\/wp-content\/uploads\/2022\/06\/Summit-010622-b-1-768x279.jpg 768w\" sizes=\"(max-width: 900px) 100vw, 900px\" \/><\/figure>\n\n\n\n<h2 class=\"wp-block-heading\">Decarbonization and ESG factors<\/h2>\n\n\n\n<p>It is impossible to talk about sustainable mobility without taking into account essential aspects that are closely related to it. Therefore, <strong>Latam Green<\/strong>, the largest sustainability community in Latin America, has prepared for the attendees of the &#8220;<strong>Latam Mobility: Colombia<\/strong>&#8220;, three panels that will cover corporate decarbonization, by sectors, and environmental, social and corporate governance (ESG) factors in the second part of the day on June 9.<\/p>\n\n\n\n<p>The panel &#8220;<strong>Decarbonization Strategies for Corporations in Colombia<\/strong>&#8221; will feature the companies <strong>Grupo Argos<\/strong>, <strong>Grupo ISA<\/strong> and <strong>Nutresa<\/strong>, who will share with those present the progress, projections and challenges to promote the reduction of emissions at the corporate level, a key aspect to achieve sustainability goals.<\/p>\n\n\n\n<p>This will be followed by the panel &#8220;<strong>ESG Criteria: The Opportunity for Banks and Investment Funds to Immerse in Sustainability<\/strong>&#8221; where representatives of <strong>Bancolombia<\/strong>, <strong>Aon Andina<\/strong>, <strong>SGS<\/strong>, <strong>FDN<\/strong>, <strong>Sura Investment Management<\/strong> and <strong>BBVA Colombia<\/strong> will discuss their strategies to comply with one of the pillars of decarbonization, ESG factors.<\/p>\n\n\n\n<p>And to close the second day, the companies <strong>Atlas<\/strong>, <strong>SGS, Engie and Celsia, together with the Ministry of Mines and Energy<\/strong>, will explain their points of view on a complex topic, through the panel &#8220;<strong>Transport, Energy, Mining and Industry, Key Sectors for Decarbonization in Colombia<\/strong>&#8220;.<\/p>\n\n\n\n<p>In this way, <strong>Invest in Latam<\/strong>, through its <strong>Latam Mobility<\/strong> and <strong>Latam Green<\/strong> initiatives, will begin its tour of the continent in <strong>Colombia<\/strong>, with <strong>Chile <\/strong>and <strong>Mexico <\/strong>as next destinations.<\/p>\n\n\n\n<h2 class=\"wp-block-heading\"><strong>How to participate in<\/strong> Latam Mobility: Colombia?<\/h2>\n\n\n\n<p>If you wish to participate in &#8220;<strong>Latam Mobility: Colombia<\/strong>&#8220;, a sustainable mobility meeting to be held on June 8 and 9 at the Orquideorama of the Botanical Garden of Medellin, click on the following <a href=\"https:\/\/latamobility.com\/ticket\/latam-mobility-medellin\/\"><strong><mark style=\"background-color:rgba(0, 0, 0, 0)\" class=\"has-inline-color has-theme-palette-2-color\">LINK<\/mark><\/strong><\/a> and learn about the participation options.<\/p>\n\n\n\n<p><strong>You are cordially invited<\/strong>!<\/p>\n","protected":false},"excerpt":{"rendered":"<p>Invest in Latam, a leading organization in the promotion of key initiatives for the transformation of Latin America, is pleased to invite you to the meeting &#8220;Latam Mobility: Colombia&#8220;, which will bring together the main protagonists of the present and future of the region. The meeting, which will be held on June 8 and 9&#8230;<\/p>\n","protected":false},"author":3,"featured_media":1865,"comment_status":"closed","ping_status":"closed","sticky":false,"template":"","format":"standard","meta":{"_kad_post_transparent":"","_kad_post_title":"","_kad_post_layout":"","_kad_post_sidebar_id":"","_kad_post_content_style":"","_kad_post_vertical_padding":"","_kad_post_feature":"","_kad_post_feature_position":"","_kad_post_header":false,"_kad_post_footer":false,"_kad_post_classname":"","footnotes":""},"categories":[7],"tags":[28,36,32,103],"class_list":["post-1856","post","type-post","status-publish","format-standard","has-post-thumbnail","hentry","category-uncategorized","tag-invest-in-latam-en","tag-latam-green-en","tag-latam-mobility-en","tag-summit-2"],"_links":{"self":[{"href":"https:\/\/investinlatam.org\/en\/wp-json\/wp\/v2\/posts\/1856","targetHints":{"allow":["GET"]}}],"collection":[{"href":"https:\/\/investinlatam.org\/en\/wp-json\/wp\/v2\/posts"}],"about":[{"href":"https:\/\/investinlatam.org\/en\/wp-json\/wp\/v2\/types\/post"}],"author":[{"embeddable":true,"href":"https:\/\/investinlatam.org\/en\/wp-json\/wp\/v2\/users\/3"}],"replies":[{"embeddable":true,"href":"https:\/\/investinlatam.org\/en\/wp-json\/wp\/v2\/comments?post=1856"}],"version-history":[{"count":11,"href":"https:\/\/investinlatam.org\/en\/wp-json\/wp\/v2\/posts\/1856\/revisions"}],"predecessor-version":[{"id":1891,"href":"https:\/\/investinlatam.org\/en\/wp-json\/wp\/v2\/posts\/1856\/revisions\/1891"}],"wp:featuredmedia":[{"embeddable":true,"href":"https:\/\/investinlatam.org\/en\/wp-json\/wp\/v2\/media\/1865"}],"wp:attachment":[{"href":"https:\/\/investinlatam.org\/en\/wp-json\/wp\/v2\/media?parent=1856"}],"wp:term":[{"taxonomy":"category","embeddable":true,"href":"https:\/\/investinlatam.org\/en\/wp-json\/wp\/v2\/categories?post=1856"},{"taxonomy":"post_tag","embeddable":true,"href":"https:\/\/investinlatam.org\/en\/wp-json\/wp\/v2\/tags?post=1856"}],"curies":[{"name":"wp","href":"https:\/\/api.w.org\/{rel}","templated":true}]}}